{"id":39492,"date":"2026-01-19T13:56:23","date_gmt":"2026-01-19T18:56:23","guid":{"rendered":"https:\/\/qroo.gob.mx\/sema\/?p=39492"},"modified":"2026-01-19T14:02:49","modified_gmt":"2026-01-19T19:02:49","slug":"elementor-39492","status":"publish","type":"post","link":"https:\/\/qroo.gob.mx\/sema\/elementor-39492\/","title":{"rendered":"Recolecta SEMA 15.3 toneladas de residuos electr\u00f3nicos en Chetumal"},"content":{"rendered":"\t\t<div data-elementor-type=\"wp-post\" data-elementor-id=\"39492\" class=\"elementor elementor-39492\">\n\t\t\t\t<div class=\"elementor-element elementor-element-e739f98 e-flex e-con-boxed e-con e-parent\" data-id=\"e739f98\" data-element_type=\"container\" data-e-type=\"container\">\n\t\t\t\t\t<div class=\"e-con-inner\">\n\t\t\t\t<div class=\"elementor-element elementor-element-9d55078 elementor-widget elementor-widget-image\" data-id=\"9d55078\" data-element_type=\"widget\" data-e-type=\"widget\" data-widget_type=\"image.default\">\n\t\t\t\t<div class=\"elementor-widget-container\">\n\t\t\t\t\t\t\t\t\t\t\t\t\t\t\t<img fetchpriority=\"high\" decoding=\"async\" width=\"1280\" height=\"960\" src=\"https:\/\/qroo.gob.mx\/sema\/wp-content\/uploads\/2026\/01\/0-2.jpeg\" class=\"attachment-1536x1536 size-1536x1536 wp-image-39477\" alt=\"\" srcset=\"https:\/\/qroo.gob.mx\/sema\/wp-content\/uploads\/2026\/01\/0-2.jpeg 1280w, https:\/\/qroo.gob.mx\/sema\/wp-content\/uploads\/2026\/01\/0-2-300x225.jpeg 300w, https:\/\/qroo.gob.mx\/sema\/wp-content\/uploads\/2026\/01\/0-2-1024x768.jpeg 1024w, https:\/\/qroo.gob.mx\/sema\/wp-content\/uploads\/2026\/01\/0-2-768x576.jpeg 768w\" sizes=\"(max-width: 1280px) 100vw, 1280px\" \/>\t\t\t\t\t\t\t\t\t\t\t\t\t\t\t<\/div>\n\t\t\t\t<\/div>\n\t\t\t\t\t<\/div>\n\t\t\t\t<\/div>\n\t\t<div class=\"elementor-element elementor-element-8e08d7c e-flex e-con-boxed e-con e-parent\" data-id=\"8e08d7c\" data-element_type=\"container\" data-e-type=\"container\">\n\t\t\t\t\t<div class=\"e-con-inner\">\n\t\t\t\t<div class=\"elementor-element elementor-element-c234102 elementor-widget elementor-widget-heading\" data-id=\"c234102\" data-element_type=\"widget\" data-e-type=\"widget\" data-widget_type=\"heading.default\">\n\t\t\t\t<div class=\"elementor-widget-container\">\n\t\t\t\t\t<h2 class=\"elementor-heading-title elementor-size-default\">Recolecta SEMA 15.3 toneladas de residuos electr\u00f3nicos en Chetumal <\/h2>\t\t\t\t<\/div>\n\t\t\t\t<\/div>\n\t\t\t\t\t<\/div>\n\t\t\t\t<\/div>\n\t\t<div class=\"elementor-element elementor-element-a985d41 e-flex e-con-boxed e-con e-parent\" data-id=\"a985d41\" data-element_type=\"container\" data-e-type=\"container\">\n\t\t\t\t\t<div class=\"e-con-inner\">\n\t\t\t\t<div class=\"elementor-element elementor-element-122b510 elementor-widget elementor-widget-text-editor\" data-id=\"122b510\" data-element_type=\"widget\" data-e-type=\"widget\" data-widget_type=\"text-editor.default\">\n\t\t\t\t<div class=\"elementor-widget-container\">\n\t\t\t\t\t\t\t\t\t<p>-Para promover la gesti\u00f3n adecuada de residuos electr\u00f3nicos y minimizar su impacto en el entorno natural y la salud p\u00fablica<\/p><p>Chetumal.\u2013 Con el objetivo de evitar la contaminaci\u00f3n del suelo y los mantos acu\u00edferos, as\u00ed como de promover una gesti\u00f3n responsable de los residuos electr\u00f3nicos, el Gobierno del Estado, a trav\u00e9s de la Secretar\u00eda de Ecolog\u00eda y Medio Ambiente (SEMA), recolect\u00f3 15.3 toneladas de residuos electr\u00f3nicos durante la primera jornada del a\u00f1o del programa Transforma y Recolecta, realizada en la ciudad de Chetumal.<\/p><p>El titular de la SEMA, \u00d3scar R\u00e9bora Aguilera, inform\u00f3 que esta acci\u00f3n se alinea al Nuevo Acuerdo por el Bienestar y Desarrollo de Quintana Roo, que impulsa la gobernadora Mara Lezama Espinosa, el cual prioriza el cuidado del medio ambiente, la salud p\u00fablica y el desarrollo sustentable mediante la correcta gesti\u00f3n de los residuos de manejo especial.<\/p><p>R\u00e9bora Aguilera destac\u00f3 que estas jornadas permiten acercar a la ciudadan\u00eda puntos de acopio seguros, evitando que los residuos electr\u00f3nicos sean abandonados en rellenos sanitarios o tiraderos clandestinos, donde representan un riesgo ambiental al liberar sustancias peligrosas. Asimismo, explic\u00f3 que los materiales recolectados son canalizados a empresas autorizadas, que los reintegran a las cadenas de valor mediante procesos adecuados de reciclaje y aprovechamiento.<\/p><p>Gracias a la participaci\u00f3n activa de la ciudadan\u00eda, as\u00ed como de dependencias del gobierno estatal y del sector empresarial de Chetumal, se logr\u00f3 acopiar una amplia variedad de aparatos electr\u00f3nicos y electrodom\u00e9sticos, entre ellos televisores, computadoras, tel\u00e9fonos celulares, aires acondicionados y refrigeradores, contribuyendo a la reducci\u00f3n de impactos negativos al medio ambiente.<\/p><p>Finalmente, el titular de la SEMA se\u00f1al\u00f3 que el programa Transforma y Recolecta continuar\u00e1 durante el presente a\u00f1o en los distintos municipios del estado, recolectando residuos de manejo especial como llantas, aceites usados, pilas y electr\u00f3nicos. Por ello, invit\u00f3 a la poblaci\u00f3n a mantenerse informada a trav\u00e9s de las redes sociales oficiales de la Secretar\u00eda para conocer las fechas y sedes de las pr\u00f3ximas jornadas.<\/p>\t\t\t\t\t\t\t\t<\/div>\n\t\t\t\t<\/div>\n\t\t\t\t\t<\/div>\n\t\t\t\t<\/div>\n\t\t<div class=\"elementor-element elementor-element-e547929 e-flex e-con-boxed e-con e-parent\" data-id=\"e547929\" data-element_type=\"container\" data-e-type=\"container\">\n\t\t\t\t\t<div class=\"e-con-inner\">\n\t\t\t\t<div class=\"elementor-element elementor-element-48a6dbf elementor-widget elementor-widget-image-gallery\" data-id=\"48a6dbf\" data-element_type=\"widget\" data-e-type=\"widget\" data-widget_type=\"image-gallery.default\">\n\t\t\t\t<div class=\"elementor-widget-container\">\n\t\t\t\t\t\t\t<div class=\"elementor-image-gallery\">\n\t\t\t<div id='gallery-1' class='gallery galleryid-39492 gallery-columns-4 gallery-size-medium'><figure class='gallery-item'>\n\t\t\t<div class='gallery-icon landscape'>\n\t\t\t\t<a data-elementor-open-lightbox=\"yes\" data-elementor-lightbox-slideshow=\"48a6dbf\" data-elementor-lightbox-title=\"3\" data-e-action-hash=\"#elementor-action%3Aaction%3Dlightbox%26settings%3DeyJpZCI6Mzk0ODAsInVybCI6Imh0dHBzOlwvXC9xcm9vLmdvYi5teFwvc2VtYVwvd3AtY29udGVudFwvdXBsb2Fkc1wvMjAyNlwvMDFcLzMtMS5qcGVnIiwic2xpZGVzaG93IjoiNDhhNmRiZiJ9\" href='https:\/\/qroo.gob.mx\/sema\/wp-content\/uploads\/2026\/01\/3-1.jpeg'><img decoding=\"async\" width=\"300\" height=\"225\" src=\"https:\/\/qroo.gob.mx\/sema\/wp-content\/uploads\/2026\/01\/3-1-300x225.jpeg\" class=\"attachment-medium size-medium\" alt=\"\" srcset=\"https:\/\/qroo.gob.mx\/sema\/wp-content\/uploads\/2026\/01\/3-1-300x225.jpeg 300w, https:\/\/qroo.gob.mx\/sema\/wp-content\/uploads\/2026\/01\/3-1-1024x768.jpeg 1024w, https:\/\/qroo.gob.mx\/sema\/wp-content\/uploads\/2026\/01\/3-1-768x576.jpeg 768w, https:\/\/qroo.gob.mx\/sema\/wp-content\/uploads\/2026\/01\/3-1.jpeg 1280w\" sizes=\"(max-width: 300px) 100vw, 300px\" \/><\/a>\n\t\t\t<\/div><\/figure><figure class='gallery-item'>\n\t\t\t<div class='gallery-icon landscape'>\n\t\t\t\t<a data-elementor-open-lightbox=\"yes\" data-elementor-lightbox-slideshow=\"48a6dbf\" data-elementor-lightbox-title=\"2\" data-e-action-hash=\"#elementor-action%3Aaction%3Dlightbox%26settings%3DeyJpZCI6Mzk0NzksInVybCI6Imh0dHBzOlwvXC9xcm9vLmdvYi5teFwvc2VtYVwvd3AtY29udGVudFwvdXBsb2Fkc1wvMjAyNlwvMDFcLzItMi5qcGVnIiwic2xpZGVzaG93IjoiNDhhNmRiZiJ9\" href='https:\/\/qroo.gob.mx\/sema\/wp-content\/uploads\/2026\/01\/2-2.jpeg'><img decoding=\"async\" width=\"300\" height=\"225\" src=\"https:\/\/qroo.gob.mx\/sema\/wp-content\/uploads\/2026\/01\/2-2-300x225.jpeg\" class=\"attachment-medium size-medium\" alt=\"\" srcset=\"https:\/\/qroo.gob.mx\/sema\/wp-content\/uploads\/2026\/01\/2-2-300x225.jpeg 300w, https:\/\/qroo.gob.mx\/sema\/wp-content\/uploads\/2026\/01\/2-2-1024x768.jpeg 1024w, https:\/\/qroo.gob.mx\/sema\/wp-content\/uploads\/2026\/01\/2-2-768x576.jpeg 768w, https:\/\/qroo.gob.mx\/sema\/wp-content\/uploads\/2026\/01\/2-2.jpeg 1280w\" sizes=\"(max-width: 300px) 100vw, 300px\" \/><\/a>\n\t\t\t<\/div><\/figure><figure class='gallery-item'>\n\t\t\t<div class='gallery-icon landscape'>\n\t\t\t\t<a data-elementor-open-lightbox=\"yes\" data-elementor-lightbox-slideshow=\"48a6dbf\" data-elementor-lightbox-title=\"1\" data-e-action-hash=\"#elementor-action%3Aaction%3Dlightbox%26settings%3DeyJpZCI6Mzk0NzgsInVybCI6Imh0dHBzOlwvXC9xcm9vLmdvYi5teFwvc2VtYVwvd3AtY29udGVudFwvdXBsb2Fkc1wvMjAyNlwvMDFcLzEtMi5qcGVnIiwic2xpZGVzaG93IjoiNDhhNmRiZiJ9\" href='https:\/\/qroo.gob.mx\/sema\/wp-content\/uploads\/2026\/01\/1-2.jpeg'><img loading=\"lazy\" decoding=\"async\" width=\"300\" height=\"225\" src=\"https:\/\/qroo.gob.mx\/sema\/wp-content\/uploads\/2026\/01\/1-2-300x225.jpeg\" class=\"attachment-medium size-medium\" alt=\"\" srcset=\"https:\/\/qroo.gob.mx\/sema\/wp-content\/uploads\/2026\/01\/1-2-300x225.jpeg 300w, https:\/\/qroo.gob.mx\/sema\/wp-content\/uploads\/2026\/01\/1-2-1024x768.jpeg 1024w, https:\/\/qroo.gob.mx\/sema\/wp-content\/uploads\/2026\/01\/1-2-768x576.jpeg 768w, https:\/\/qroo.gob.mx\/sema\/wp-content\/uploads\/2026\/01\/1-2.jpeg 1280w\" sizes=\"(max-width: 300px) 100vw, 300px\" \/><\/a>\n\t\t\t<\/div><\/figure><figure class='gallery-item'>\n\t\t\t<div class='gallery-icon landscape'>\n\t\t\t\t<a data-elementor-open-lightbox=\"yes\" data-elementor-lightbox-slideshow=\"48a6dbf\" data-elementor-lightbox-title=\"4\" data-e-action-hash=\"#elementor-action%3Aaction%3Dlightbox%26settings%3DeyJpZCI6Mzk0ODEsInVybCI6Imh0dHBzOlwvXC9xcm9vLmdvYi5teFwvc2VtYVwvd3AtY29udGVudFwvdXBsb2Fkc1wvMjAyNlwvMDFcLzQuanBlZyIsInNsaWRlc2hvdyI6IjQ4YTZkYmYifQ%3D%3D\" href='https:\/\/qroo.gob.mx\/sema\/wp-content\/uploads\/2026\/01\/4.jpeg'><img loading=\"lazy\" decoding=\"async\" width=\"300\" height=\"225\" src=\"https:\/\/qroo.gob.mx\/sema\/wp-content\/uploads\/2026\/01\/4-300x225.jpeg\" class=\"attachment-medium size-medium\" alt=\"\" srcset=\"https:\/\/qroo.gob.mx\/sema\/wp-content\/uploads\/2026\/01\/4-300x225.jpeg 300w, https:\/\/qroo.gob.mx\/sema\/wp-content\/uploads\/2026\/01\/4-1024x768.jpeg 1024w, https:\/\/qroo.gob.mx\/sema\/wp-content\/uploads\/2026\/01\/4-768x576.jpeg 768w, https:\/\/qroo.gob.mx\/sema\/wp-content\/uploads\/2026\/01\/4.jpeg 1280w\" sizes=\"(max-width: 300px) 100vw, 300px\" \/><\/a>\n\t\t\t<\/div><\/figure>\n\t\t<\/div>\n\t\t<\/div>\n\t\t\t\t\t\t<\/div>\n\t\t\t\t<\/div>\n\t\t\t\t\t<\/div>\n\t\t\t\t<\/div>\n\t\t<div class=\"elementor-element elementor-element-3179175 e-flex e-con-boxed e-con e-parent\" data-id=\"3179175\" data-element_type=\"container\" data-e-type=\"container\">\n\t\t\t\t\t<div class=\"e-con-inner\">\n\t\t\t\t<div class=\"elementor-element elementor-element-083aac3 elementor-widget elementor-widget-text-editor\" data-id=\"083aac3\" data-element_type=\"widget\" data-e-type=\"widget\" data-widget_type=\"text-editor.default\">\n\t\t\t\t<div class=\"elementor-widget-container\">\n\t\t\t\t\t\t\t\t\t<p><a href=\"http:\/\/cgc.qroo.gob.mx\/\">cgc.qroo.gob.mx<\/a><br \/><a href=\"http:\/\/qroo.gob.mx\/\">qroo.gob.mx<\/a><\/p>\t\t\t\t\t\t\t\t<\/div>\n\t\t\t\t<\/div>\n\t\t\t\t\t<\/div>\n\t\t\t\t<\/div>\n\t\t\t\t<\/div>\n\t\t","protected":false},"excerpt":{"rendered":"<p>Recolecta SEMA 15.3 toneladas de residuos electr\u00f3nicos en Chetumal -Para promover la gesti\u00f3n adecuada de residuos electr\u00f3nicos y minimizar su impacto en el entorno natural y la salud p\u00fablica Chetumal.\u2013 Con el objetivo de evitar la contaminaci\u00f3n del suelo y los mantos acu\u00edferos, as\u00ed como de promover una gesti\u00f3n responsable de los residuos electr\u00f3nicos, el &#8230; <a title=\"Recolecta SEMA 15.3 toneladas de residuos electr\u00f3nicos en Chetumal\" class=\"read-more\" href=\"https:\/\/qroo.gob.mx\/sema\/elementor-39492\/\" aria-label=\"Leer m\u00e1s sobre Recolecta SEMA 15.3 toneladas de residuos electr\u00f3nicos en Chetumal\">Leer m\u00e1s<\/a><\/p>\n","protected":false},"author":6,"featured_media":39477,"comment_status":"open","ping_status":"open","sticky":false,"template":"","format":"standard","meta":{"footnotes":""},"categories":[5],"tags":[],"class_list":["post-39492","post","type-post","status-publish","format-standard","has-post-thumbnail","hentry","category-noticias"],"_links":{"self":[{"href":"https:\/\/qroo.gob.mx\/sema\/wp-json\/wp\/v2\/posts\/39492"}],"collection":[{"href":"https:\/\/qroo.gob.mx\/sema\/wp-json\/wp\/v2\/posts"}],"about":[{"href":"https:\/\/qroo.gob.mx\/sema\/wp-json\/wp\/v2\/types\/post"}],"author":[{"embeddable":true,"href":"https:\/\/qroo.gob.mx\/sema\/wp-json\/wp\/v2\/users\/6"}],"replies":[{"embeddable":true,"href":"https:\/\/qroo.gob.mx\/sema\/wp-json\/wp\/v2\/comments?post=39492"}],"version-history":[{"count":0,"href":"https:\/\/qroo.gob.mx\/sema\/wp-json\/wp\/v2\/posts\/39492\/revisions"}],"wp:featuredmedia":[{"embeddable":true,"href":"https:\/\/qroo.gob.mx\/sema\/wp-json\/wp\/v2\/media\/39477"}],"wp:attachment":[{"href":"https:\/\/qroo.gob.mx\/sema\/wp-json\/wp\/v2\/media?parent=39492"}],"wp:term":[{"taxonomy":"category","embeddable":true,"href":"https:\/\/qroo.gob.mx\/sema\/wp-json\/wp\/v2\/categories?post=39492"},{"taxonomy":"post_tag","embeddable":true,"href":"https:\/\/qroo.gob.mx\/sema\/wp-json\/wp\/v2\/tags?post=39492"}],"curies":[{"name":"wp","href":"https:\/\/api.w.org\/{rel}","templated":true}]}}