{"id":39161,"date":"2025-12-01T09:22:28","date_gmt":"2025-12-01T14:22:28","guid":{"rendered":"https:\/\/qroo.gob.mx\/sema\/?p=39161"},"modified":"2025-12-01T09:37:39","modified_gmt":"2025-12-01T14:37:39","slug":"elementor-39161","status":"publish","type":"post","link":"https:\/\/qroo.gob.mx\/sema\/elementor-39161\/","title":{"rendered":"Impulsa SEMA educaci\u00f3n ambiental con convenio hist\u00f3rico con la UNID"},"content":{"rendered":"\t\t<div data-elementor-type=\"wp-post\" data-elementor-id=\"39161\" class=\"elementor elementor-39161\">\n\t\t\t\t<div class=\"elementor-element elementor-element-495f982 e-flex e-con-boxed e-con e-parent\" data-id=\"495f982\" data-element_type=\"container\" data-e-type=\"container\">\n\t\t\t\t\t<div class=\"e-con-inner\">\n\t\t\t\t<div class=\"elementor-element elementor-element-06f13d6 elementor-widget elementor-widget-image\" data-id=\"06f13d6\" data-element_type=\"widget\" data-e-type=\"widget\" data-widget_type=\"image.default\">\n\t\t\t\t<div class=\"elementor-widget-container\">\n\t\t\t\t\t\t\t\t\t\t\t\t\t\t\t<img fetchpriority=\"high\" decoding=\"async\" width=\"1280\" height=\"960\" src=\"https:\/\/qroo.gob.mx\/sema\/wp-content\/uploads\/2025\/11\/0-2.jpeg\" class=\"attachment-1536x1536 size-1536x1536 wp-image-39150\" alt=\"\" srcset=\"https:\/\/qroo.gob.mx\/sema\/wp-content\/uploads\/2025\/11\/0-2.jpeg 1280w, https:\/\/qroo.gob.mx\/sema\/wp-content\/uploads\/2025\/11\/0-2-300x225.jpeg 300w, https:\/\/qroo.gob.mx\/sema\/wp-content\/uploads\/2025\/11\/0-2-1024x768.jpeg 1024w, https:\/\/qroo.gob.mx\/sema\/wp-content\/uploads\/2025\/11\/0-2-768x576.jpeg 768w\" sizes=\"(max-width: 1280px) 100vw, 1280px\" \/>\t\t\t\t\t\t\t\t\t\t\t\t\t\t\t<\/div>\n\t\t\t\t<\/div>\n\t\t\t\t\t<\/div>\n\t\t\t\t<\/div>\n\t\t<div class=\"elementor-element elementor-element-3515e9a e-flex e-con-boxed e-con e-parent\" data-id=\"3515e9a\" data-element_type=\"container\" data-e-type=\"container\">\n\t\t\t\t\t<div class=\"e-con-inner\">\n\t\t\t\t<div class=\"elementor-element elementor-element-dd0859b elementor-widget elementor-widget-heading\" data-id=\"dd0859b\" data-element_type=\"widget\" data-e-type=\"widget\" data-widget_type=\"heading.default\">\n\t\t\t\t<div class=\"elementor-widget-container\">\n\t\t\t\t\t<h2 class=\"elementor-heading-title elementor-size-default\">Impulsa SEMA educaci\u00f3n ambiental con convenio hist\u00f3rico con la UNID <\/h2>\t\t\t\t<\/div>\n\t\t\t\t<\/div>\n\t\t\t\t\t<\/div>\n\t\t\t\t<\/div>\n\t\t<div class=\"elementor-element elementor-element-64f4188 e-flex e-con-boxed e-con e-parent\" data-id=\"64f4188\" data-element_type=\"container\" data-e-type=\"container\">\n\t\t\t\t\t<div class=\"e-con-inner\">\n\t\t\t\t<div class=\"elementor-element elementor-element-cac32cb elementor-widget elementor-widget-text-editor\" data-id=\"cac32cb\" data-element_type=\"widget\" data-e-type=\"widget\" data-widget_type=\"text-editor.default\">\n\t\t\t\t<div class=\"elementor-widget-container\">\n\t\t\t\t\t\t\t\t\t<p>-Busca integrar a las y los estudiantes a proyectos reales de conservaci\u00f3n, educaci\u00f3n ambiental y gesti\u00f3n ecol\u00f3gica que se desarrollan en nuestro estado<\/p><p>Canc\u00fan. \u2014 Con el objetivo de fortalecer la formaci\u00f3n profesional y la capacitaci\u00f3n en temas ambientales de las y los estudiantes, en un hecho hist\u00f3rico para la Universidad Interamericana para el Desarrollo (UNID), en representaci\u00f3n del secretario de Ecolog\u00eda y Medio Ambiente, \u00d3scar R\u00e9bora Aguilera, el subsecretario de Cultura Ambiental, Planeaci\u00f3n, Mejora Regulatoria y de Archivos, Gerardo Lagunes, particip\u00f3 en la firma del primer convenio de colaboraci\u00f3n entre la SEMA y la casa de estudios de Canc\u00fan.<\/p><p>Este acuerdo permitir\u00e1 que estudiantes de la UNID realicen sus pr\u00e1cticas profesionales y servicio social dentro de la SEMA, integr\u00e1ndose a proyectos reales de conservaci\u00f3n, educaci\u00f3n ambiental y gesti\u00f3n ecol\u00f3gica que se desarrollan en nuestro estado, generando espacios de crecimiento acad\u00e9mico, pr\u00e1ctica profesional y capacitaci\u00f3n continua, tal como lo enmarca el Nuevo Acuerdo por el Bienestar y Desarrollo de Quintana Roo que impulsa la gobernadora Mara Lezama Espinosa.<\/p><p>Adem\u00e1s, el convenio contempla la profesionalizaci\u00f3n del personal de la Secretar\u00eda, reforzando sus competencias t\u00e9cnicas y acad\u00e9micas mediante programas ofrecidos por la universidad, fortaleciendo as\u00ed la capacidad institucional en temas ambientales.<\/p><p>Uno de los puntos m\u00e1s destacados es el programa de becas de certificaci\u00f3n en buceo impulsado por \u00d3scar R\u00e9bora, cuyo objetivo es que las y los j\u00f3venes aprendan a bucear y se acerquen directamente a la vida marina, fomentando su inter\u00e9s, sensibilidad y comprensi\u00f3n sobre los ecosistemas submarinos. Esta experiencia busca ampliar su formaci\u00f3n y abrirles oportunidades para conocer mejor el patrimonio natural del estado.<\/p><p>Durante su participaci\u00f3n, Gerardo Lagunes subray\u00f3 que este convenio es resultado directo de la visi\u00f3n y gesti\u00f3n de \u00d3scar R\u00e9bora, quien ha priorizado la vinculaci\u00f3n entre juventud, academia y gobierno como base para formar a la nueva generaci\u00f3n de especialistas ambientales.<\/p>\t\t\t\t\t\t\t\t<\/div>\n\t\t\t\t<\/div>\n\t\t\t\t\t<\/div>\n\t\t\t\t<\/div>\n\t\t<div class=\"elementor-element elementor-element-f72f0e3 e-flex e-con-boxed e-con e-parent\" data-id=\"f72f0e3\" data-element_type=\"container\" data-e-type=\"container\">\n\t\t\t\t\t<div class=\"e-con-inner\">\n\t\t\t\t<div class=\"elementor-element elementor-element-127c3c3 elementor-widget elementor-widget-image-gallery\" data-id=\"127c3c3\" data-element_type=\"widget\" data-e-type=\"widget\" data-widget_type=\"image-gallery.default\">\n\t\t\t\t<div class=\"elementor-widget-container\">\n\t\t\t\t\t\t\t<div class=\"elementor-image-gallery\">\n\t\t\t<div id='gallery-1' class='gallery galleryid-39161 gallery-columns-4 gallery-size-medium'><figure class='gallery-item'>\n\t\t\t<div class='gallery-icon landscape'>\n\t\t\t\t<a data-elementor-open-lightbox=\"yes\" data-elementor-lightbox-slideshow=\"127c3c3\" data-elementor-lightbox-title=\"3\" data-e-action-hash=\"#elementor-action%3Aaction%3Dlightbox%26settings%3DeyJpZCI6MzkxNTEsInVybCI6Imh0dHBzOlwvXC9xcm9vLmdvYi5teFwvc2VtYVwvd3AtY29udGVudFwvdXBsb2Fkc1wvMjAyNVwvMTFcLzMtMi5qcGVnIiwic2xpZGVzaG93IjoiMTI3YzNjMyJ9\" href='https:\/\/qroo.gob.mx\/sema\/wp-content\/uploads\/2025\/11\/3-2.jpeg'><img decoding=\"async\" width=\"300\" height=\"141\" src=\"https:\/\/qroo.gob.mx\/sema\/wp-content\/uploads\/2025\/11\/3-2-300x141.jpeg\" class=\"attachment-medium size-medium\" alt=\"\" srcset=\"https:\/\/qroo.gob.mx\/sema\/wp-content\/uploads\/2025\/11\/3-2-300x141.jpeg 300w, https:\/\/qroo.gob.mx\/sema\/wp-content\/uploads\/2025\/11\/3-2-1024x482.jpeg 1024w, https:\/\/qroo.gob.mx\/sema\/wp-content\/uploads\/2025\/11\/3-2-768x361.jpeg 768w, https:\/\/qroo.gob.mx\/sema\/wp-content\/uploads\/2025\/11\/3-2.jpeg 1280w\" sizes=\"(max-width: 300px) 100vw, 300px\" \/><\/a>\n\t\t\t<\/div><\/figure><figure class='gallery-item'>\n\t\t\t<div class='gallery-icon landscape'>\n\t\t\t\t<a data-elementor-open-lightbox=\"yes\" data-elementor-lightbox-slideshow=\"127c3c3\" data-elementor-lightbox-title=\"1\" data-e-action-hash=\"#elementor-action%3Aaction%3Dlightbox%26settings%3DeyJpZCI6MzkxNTIsInVybCI6Imh0dHBzOlwvXC9xcm9vLmdvYi5teFwvc2VtYVwvd3AtY29udGVudFwvdXBsb2Fkc1wvMjAyNVwvMTFcLzEtMi5qcGVnIiwic2xpZGVzaG93IjoiMTI3YzNjMyJ9\" href='https:\/\/qroo.gob.mx\/sema\/wp-content\/uploads\/2025\/11\/1-2.jpeg'><img decoding=\"async\" width=\"300\" height=\"225\" src=\"https:\/\/qroo.gob.mx\/sema\/wp-content\/uploads\/2025\/11\/1-2-300x225.jpeg\" class=\"attachment-medium size-medium\" alt=\"\" srcset=\"https:\/\/qroo.gob.mx\/sema\/wp-content\/uploads\/2025\/11\/1-2-300x225.jpeg 300w, https:\/\/qroo.gob.mx\/sema\/wp-content\/uploads\/2025\/11\/1-2-1024x768.jpeg 1024w, https:\/\/qroo.gob.mx\/sema\/wp-content\/uploads\/2025\/11\/1-2-768x576.jpeg 768w, https:\/\/qroo.gob.mx\/sema\/wp-content\/uploads\/2025\/11\/1-2.jpeg 1280w\" sizes=\"(max-width: 300px) 100vw, 300px\" \/><\/a>\n\t\t\t<\/div><\/figure><figure class='gallery-item'>\n\t\t\t<div class='gallery-icon landscape'>\n\t\t\t\t<a data-elementor-open-lightbox=\"yes\" data-elementor-lightbox-slideshow=\"127c3c3\" data-elementor-lightbox-title=\"2\" data-e-action-hash=\"#elementor-action%3Aaction%3Dlightbox%26settings%3DeyJpZCI6MzkxNTMsInVybCI6Imh0dHBzOlwvXC9xcm9vLmdvYi5teFwvc2VtYVwvd3AtY29udGVudFwvdXBsb2Fkc1wvMjAyNVwvMTFcLzItMi5qcGVnIiwic2xpZGVzaG93IjoiMTI3YzNjMyJ9\" href='https:\/\/qroo.gob.mx\/sema\/wp-content\/uploads\/2025\/11\/2-2.jpeg'><img loading=\"lazy\" decoding=\"async\" width=\"300\" height=\"142\" src=\"https:\/\/qroo.gob.mx\/sema\/wp-content\/uploads\/2025\/11\/2-2-300x142.jpeg\" class=\"attachment-medium size-medium\" alt=\"\" srcset=\"https:\/\/qroo.gob.mx\/sema\/wp-content\/uploads\/2025\/11\/2-2-300x142.jpeg 300w, https:\/\/qroo.gob.mx\/sema\/wp-content\/uploads\/2025\/11\/2-2-1024x486.jpeg 1024w, https:\/\/qroo.gob.mx\/sema\/wp-content\/uploads\/2025\/11\/2-2-768x365.jpeg 768w, https:\/\/qroo.gob.mx\/sema\/wp-content\/uploads\/2025\/11\/2-2.jpeg 1154w\" sizes=\"(max-width: 300px) 100vw, 300px\" \/><\/a>\n\t\t\t<\/div><\/figure>\n\t\t<\/div>\n\t\t<\/div>\n\t\t\t\t\t\t<\/div>\n\t\t\t\t<\/div>\n\t\t\t\t\t<\/div>\n\t\t\t\t<\/div>\n\t\t<div class=\"elementor-element elementor-element-70cba7f e-flex e-con-boxed e-con e-parent\" data-id=\"70cba7f\" data-element_type=\"container\" data-e-type=\"container\">\n\t\t\t\t\t<div class=\"e-con-inner\">\n\t\t\t\t<div class=\"elementor-element elementor-element-13aec9d elementor-widget elementor-widget-text-editor\" data-id=\"13aec9d\" data-element_type=\"widget\" data-e-type=\"widget\" data-widget_type=\"text-editor.default\">\n\t\t\t\t<div class=\"elementor-widget-container\">\n\t\t\t\t\t\t\t\t\t<div class=\"post-entry blockquote-style-2\"><div id=\"penci-post-entry-inner\" class=\"inner-post-entry entry-content\"><p><a href=\"http:\/\/cgc.qroo.gob.mx\/\">cgc.qroo.gob.mx<\/a><br \/><a href=\"http:\/\/qroo.gob.mx\/\">qroo.gob.mx<\/a><\/p><div class=\"penci-single-link-pages\">\u00a0<\/div><\/div><\/div><div class=\"tags-share-box center-box tags-share-box-s1\"><div class=\"post-share hide-like-count\">\u00a0<\/div><\/div><div class=\"post-pagination\"><div class=\"prev-post\"><div class=\"prev-post-inner\">\u00a0<\/div><\/div><\/div>\t\t\t\t\t\t\t\t<\/div>\n\t\t\t\t<\/div>\n\t\t\t\t\t<\/div>\n\t\t\t\t<\/div>\n\t\t\t\t<\/div>\n\t\t","protected":false},"excerpt":{"rendered":"<p>Impulsa SEMA educaci\u00f3n ambiental con convenio hist\u00f3rico con la UNID -Busca integrar a las y los estudiantes a proyectos reales de conservaci\u00f3n, educaci\u00f3n ambiental y gesti\u00f3n ecol\u00f3gica que se desarrollan en nuestro estado Canc\u00fan. \u2014 Con el objetivo de fortalecer la formaci\u00f3n profesional y la capacitaci\u00f3n en temas ambientales de las y los estudiantes, en &#8230; <a title=\"Impulsa SEMA educaci\u00f3n ambiental con convenio hist\u00f3rico con la UNID\" class=\"read-more\" href=\"https:\/\/qroo.gob.mx\/sema\/elementor-39161\/\" aria-label=\"Leer m\u00e1s sobre Impulsa SEMA educaci\u00f3n ambiental con convenio hist\u00f3rico con la UNID\">Leer m\u00e1s<\/a><\/p>\n","protected":false},"author":6,"featured_media":39150,"comment_status":"open","ping_status":"open","sticky":false,"template":"","format":"standard","meta":{"footnotes":""},"categories":[5],"tags":[],"class_list":["post-39161","post","type-post","status-publish","format-standard","has-post-thumbnail","hentry","category-noticias"],"_links":{"self":[{"href":"https:\/\/qroo.gob.mx\/sema\/wp-json\/wp\/v2\/posts\/39161"}],"collection":[{"href":"https:\/\/qroo.gob.mx\/sema\/wp-json\/wp\/v2\/posts"}],"about":[{"href":"https:\/\/qroo.gob.mx\/sema\/wp-json\/wp\/v2\/types\/post"}],"author":[{"embeddable":true,"href":"https:\/\/qroo.gob.mx\/sema\/wp-json\/wp\/v2\/users\/6"}],"replies":[{"embeddable":true,"href":"https:\/\/qroo.gob.mx\/sema\/wp-json\/wp\/v2\/comments?post=39161"}],"version-history":[{"count":0,"href":"https:\/\/qroo.gob.mx\/sema\/wp-json\/wp\/v2\/posts\/39161\/revisions"}],"wp:featuredmedia":[{"embeddable":true,"href":"https:\/\/qroo.gob.mx\/sema\/wp-json\/wp\/v2\/media\/39150"}],"wp:attachment":[{"href":"https:\/\/qroo.gob.mx\/sema\/wp-json\/wp\/v2\/media?parent=39161"}],"wp:term":[{"taxonomy":"category","embeddable":true,"href":"https:\/\/qroo.gob.mx\/sema\/wp-json\/wp\/v2\/categories?post=39161"},{"taxonomy":"post_tag","embeddable":true,"href":"https:\/\/qroo.gob.mx\/sema\/wp-json\/wp\/v2\/tags?post=39161"}],"curies":[{"name":"wp","href":"https:\/\/api.w.org\/{rel}","templated":true}]}}