{"id":37403,"date":"2024-11-11T13:59:51","date_gmt":"2024-11-11T18:59:51","guid":{"rendered":"https:\/\/qroo.gob.mx\/sema\/?p=37403"},"modified":"2024-11-11T14:02:37","modified_gmt":"2024-11-11T19:02:37","slug":"conmemoran-29-aniversario-del-parque-kabah-area-natural-protegida-de-quintana-roo-sema","status":"publish","type":"post","link":"https:\/\/qroo.gob.mx\/sema\/conmemoran-29-aniversario-del-parque-kabah-area-natural-protegida-de-quintana-roo-sema\/","title":{"rendered":"Conmemoran 29 aniversario del Parque Kabah, \u00c1rea Natural Protegida de Quintana Roo: SEMA"},"content":{"rendered":"\t\t<div data-elementor-type=\"wp-post\" data-elementor-id=\"37403\" class=\"elementor elementor-37403\">\n\t\t\t\t<div class=\"elementor-element elementor-element-00dec4e e-flex e-con-boxed e-con e-parent\" data-id=\"00dec4e\" data-element_type=\"container\" data-e-type=\"container\">\n\t\t\t\t\t<div class=\"e-con-inner\">\n\t\t\t\t<div class=\"elementor-element elementor-element-31c1d55 elementor-widget elementor-widget-image\" data-id=\"31c1d55\" data-element_type=\"widget\" data-e-type=\"widget\" data-widget_type=\"image.default\">\n\t\t\t\t<div class=\"elementor-widget-container\">\n\t\t\t\t\t\t\t\t\t\t\t\t\t\t\t<img fetchpriority=\"high\" decoding=\"async\" width=\"768\" height=\"432\" src=\"https:\/\/qroo.gob.mx\/sema\/wp-content\/uploads\/2024\/11\/WhatsApp-Image-2024-11-08-at-15.13.22-scaled-1-768x432.jpeg\" class=\"attachment-medium_large size-medium_large wp-image-37404\" alt=\"\" srcset=\"https:\/\/qroo.gob.mx\/sema\/wp-content\/uploads\/2024\/11\/WhatsApp-Image-2024-11-08-at-15.13.22-scaled-1-768x432.jpeg 768w, https:\/\/qroo.gob.mx\/sema\/wp-content\/uploads\/2024\/11\/WhatsApp-Image-2024-11-08-at-15.13.22-scaled-1-300x169.jpeg 300w, https:\/\/qroo.gob.mx\/sema\/wp-content\/uploads\/2024\/11\/WhatsApp-Image-2024-11-08-at-15.13.22-scaled-1-1024x576.jpeg 1024w, https:\/\/qroo.gob.mx\/sema\/wp-content\/uploads\/2024\/11\/WhatsApp-Image-2024-11-08-at-15.13.22-scaled-1-1536x864.jpeg 1536w, https:\/\/qroo.gob.mx\/sema\/wp-content\/uploads\/2024\/11\/WhatsApp-Image-2024-11-08-at-15.13.22-scaled-1-2048x1152.jpeg 2048w\" sizes=\"(max-width: 768px) 100vw, 768px\" \/>\t\t\t\t\t\t\t\t\t\t\t\t\t\t\t<\/div>\n\t\t\t\t<\/div>\n\t\t\t\t\t<\/div>\n\t\t\t\t<\/div>\n\t\t<div class=\"elementor-element elementor-element-bb2ceff e-flex e-con-boxed e-con e-parent\" data-id=\"bb2ceff\" data-element_type=\"container\" data-e-type=\"container\">\n\t\t\t\t\t<div class=\"e-con-inner\">\n\t\t\t\t<div class=\"elementor-element elementor-element-ba12c39 elementor-widget elementor-widget-heading\" data-id=\"ba12c39\" data-element_type=\"widget\" data-e-type=\"widget\" data-widget_type=\"heading.default\">\n\t\t\t\t<div class=\"elementor-widget-container\">\n\t\t\t\t\t<h2 class=\"elementor-heading-title elementor-size-default\">Conmemoran 29 aniversario del Parque Kabah, \u00c1rea Natural Protegida de Quintana Roo: SEMA<\/h2>\t\t\t\t<\/div>\n\t\t\t\t<\/div>\n\t\t\t\t\t<\/div>\n\t\t\t\t<\/div>\n\t\t<div class=\"elementor-element elementor-element-f557d7e e-flex e-con-boxed e-con e-parent\" data-id=\"f557d7e\" data-element_type=\"container\" data-e-type=\"container\">\n\t\t\t\t\t<div class=\"e-con-inner\">\n\t\t\t\t<div class=\"elementor-element elementor-element-1ec9b4a elementor-widget elementor-widget-text-editor\" data-id=\"1ec9b4a\" data-element_type=\"widget\" data-e-type=\"widget\" data-widget_type=\"text-editor.default\">\n\t\t\t\t<div class=\"elementor-widget-container\">\n\t\t\t\t\t\t\t\t\t<p>-En coordinaci\u00f3n con el Ayuntamiento de Benito Ju\u00e1rez y el IBANQROO<\/p><p>Canc\u00fan.- Con el objetivo de proteger las \u00e1reas naturales de Quintana Roo, el Gobierno del Estado a trav\u00e9s de la Secretar\u00eda de Ecolog\u00eda y Medio Ambiente (SEMA), el Instituto de Biodiversidad y \u00c1reas Naturales Protegidas (IBANQROO) y el Ayuntamiento de Benito Ju\u00e1rez, celebraron el 29 aniversario del Parque Kabah en Canc\u00fan.<\/p><p>Para b\u00fasqueda de mejores condiciones de vida para las y los quintanarroenses y en seguimiento al Nuevo Acuerdo por el Bienestar y Desarrollo de Quintana Roo, el Subsecretario de Gesti\u00f3n y Protecci\u00f3n Ambiental de la SEMA, Benito Moran Ba\u00f1uelos, asisti\u00f3 en representaci\u00f3n de la gobernadora Mara Lezama Espinosa a la conmemoraci\u00f3n del \u00c1rea Natural Protegida.<\/p><p>\u201cEl Parque Kabah es un \u00c1rea Natural Protegida Estatal y es tambi\u00e9n un s\u00edmbolo de nuestro compromiso como ciudadanos en la conservaci\u00f3n de la naturaleza, es un refugio para la biodiversidad de nuestro Estado. Ejemplo de amor y preservaci\u00f3n del medio ambiente\u201d, se\u00f1al\u00f3 Benito Moran.<\/p><p>La presidenta municipal de Benito Ju\u00e1rez, Ana Paty Peralta y el subsecretario de la SEMA, llevaron a cabo la develaci\u00f3n del letrero \u201cTop 5 Parques Ecol\u00f3gicos\u201d, donde est\u00e1n considerados el Ombligo Verde, el Parque de la Equidad, el Parque Canc\u00fan, el Malec\u00f3n Tajamar y el Parque Kabah.<\/p><p>Por su parte el director general del IBANQROO, Javier Carballar Osorio dijo que Quintana Roo es uno de los cuatro estados del pa\u00eds que cuenta con un Comit\u00e9 Estatal para la Conservaci\u00f3n de la Biodiversidad, con lo que se protegen las \u00c1reas Naturales y la fauna local.<\/p><p>En el evento estuvieron presentes autoridades estatales, autoridades municipales, asociaciones civiles, comunidad estudiantil y ciudadanos.<\/p><p><a style=\"outline: none; margin: 0px; padding: 0px; color: #ab0a3d; transition: color 0.3s; cursor: pointer; font-family: Arial, Helvetica, sans-serif; font-size: 15px; text-align: justify; background-color: rgba(255, 255, 255, 0.7);\" href=\"http:\/\/cgc.qroo.gob.mx\/\">cgc.qroo.gob.mx<\/a><br style=\"outline: none; margin: 0px; padding: 0px; color: #313131; font-family: Arial, Helvetica, sans-serif; font-size: 15px; text-align: justify; background-color: rgba(255, 255, 255, 0.7);\" \/><a style=\"outline: none; margin: 0px; padding: 0px; text-decoration-line: underline; color: #ab0a3d; transition: color 0.3s; cursor: pointer; font-family: Arial, Helvetica, sans-serif; font-size: 15px; text-align: justify; background-color: rgba(255, 255, 255, 0.7);\" href=\"http:\/\/qroo.gob.mx\/\">qroo.gob.mx<\/a><\/p>\t\t\t\t\t\t\t\t<\/div>\n\t\t\t\t<\/div>\n\t\t\t\t\t<\/div>\n\t\t\t\t<\/div>\n\t\t<div class=\"elementor-element elementor-element-b6a0bcb e-flex e-con-boxed e-con e-parent\" data-id=\"b6a0bcb\" data-element_type=\"container\" data-e-type=\"container\">\n\t\t\t\t\t<div class=\"e-con-inner\">\n\t\t\t\t<div class=\"elementor-element elementor-element-d0f3a6f elementor-arrows-position-inside elementor-pagination-position-outside elementor-widget elementor-widget-image-carousel\" data-id=\"d0f3a6f\" data-element_type=\"widget\" data-e-type=\"widget\" data-settings=\"{&quot;navigation&quot;:&quot;both&quot;,&quot;autoplay&quot;:&quot;yes&quot;,&quot;pause_on_hover&quot;:&quot;yes&quot;,&quot;pause_on_interaction&quot;:&quot;yes&quot;,&quot;autoplay_speed&quot;:5000,&quot;infinite&quot;:&quot;yes&quot;,&quot;speed&quot;:500}\" data-widget_type=\"image-carousel.default\">\n\t\t\t\t<div class=\"elementor-widget-container\">\n\t\t\t\t\t\t\t<div class=\"elementor-image-carousel-wrapper swiper\" role=\"region\" aria-roledescription=\"carousel\" aria-label=\"Carrusel de Im\u00e1genes\" dir=\"ltr\">\n\t\t\t<div class=\"elementor-image-carousel swiper-wrapper\" aria-live=\"off\">\n\t\t\t\t\t\t\t\t<div class=\"swiper-slide\" role=\"group\" aria-roledescription=\"slide\" aria-label=\"1 de 4\"><figure class=\"swiper-slide-inner\"><img decoding=\"async\" class=\"swiper-slide-image\" src=\"https:\/\/qroo.gob.mx\/sema\/wp-content\/uploads\/2024\/11\/WhatsApp-Image-2024-11-08-at-15.13.22-1-scaled-1-225x300.jpeg\" alt=\"WhatsApp-Image-2024-11-08-at-15.13.22-1-scaled\" \/><\/figure><\/div><div class=\"swiper-slide\" role=\"group\" aria-roledescription=\"slide\" aria-label=\"2 de 4\"><figure class=\"swiper-slide-inner\"><img decoding=\"async\" class=\"swiper-slide-image\" src=\"https:\/\/qroo.gob.mx\/sema\/wp-content\/uploads\/2024\/11\/WhatsApp-Image-2024-11-08-at-15.13.23-1-scaled-1-225x300.jpeg\" alt=\"WhatsApp-Image-2024-11-08-at-15.13.23-1-scaled\" \/><\/figure><\/div><div class=\"swiper-slide\" role=\"group\" aria-roledescription=\"slide\" aria-label=\"3 de 4\"><figure class=\"swiper-slide-inner\"><img decoding=\"async\" class=\"swiper-slide-image\" src=\"https:\/\/qroo.gob.mx\/sema\/wp-content\/uploads\/2024\/11\/WhatsApp-Image-2024-11-08-at-15.13.23-2-scaled-1-300x169.jpeg\" alt=\"WhatsApp-Image-2024-11-08-at-15.13.23-2-scaled\" \/><\/figure><\/div><div class=\"swiper-slide\" role=\"group\" aria-roledescription=\"slide\" aria-label=\"4 de 4\"><figure class=\"swiper-slide-inner\"><img decoding=\"async\" class=\"swiper-slide-image\" src=\"https:\/\/qroo.gob.mx\/sema\/wp-content\/uploads\/2024\/11\/WhatsApp-Image-2024-11-08-at-15.13.23-scaled-1-225x300.jpeg\" alt=\"WhatsApp-Image-2024-11-08-at-15.13.23-scaled\" \/><\/figure><\/div>\t\t\t<\/div>\n\t\t\t\t\t\t\t\t\t\t\t\t<div class=\"elementor-swiper-button elementor-swiper-button-prev\" role=\"button\" tabindex=\"0\">\n\t\t\t\t\t\t<svg aria-hidden=\"true\" class=\"e-font-icon-svg e-eicon-chevron-left\" viewBox=\"0 0 1000 1000\" xmlns=\"http:\/\/www.w3.org\/2000\/svg\"><path d=\"M646 125C629 125 613 133 604 142L308 442C296 454 292 471 292 487 292 504 296 521 308 533L604 854C617 867 629 875 646 875 663 875 679 871 692 858 704 846 713 829 713 812 713 796 708 779 692 767L438 487 692 225C700 217 708 204 708 187 708 171 704 154 692 142 675 129 663 125 646 125Z\"><\/path><\/svg>\t\t\t\t\t<\/div>\n\t\t\t\t\t<div class=\"elementor-swiper-button elementor-swiper-button-next\" role=\"button\" tabindex=\"0\">\n\t\t\t\t\t\t<svg aria-hidden=\"true\" class=\"e-font-icon-svg e-eicon-chevron-right\" viewBox=\"0 0 1000 1000\" xmlns=\"http:\/\/www.w3.org\/2000\/svg\"><path d=\"M696 533C708 521 713 504 713 487 713 471 708 454 696 446L400 146C388 133 375 125 354 125 338 125 325 129 313 142 300 154 292 171 292 187 292 204 296 221 308 233L563 492 304 771C292 783 288 800 288 817 288 833 296 850 308 863 321 871 338 875 354 875 371 875 388 867 400 854L696 533Z\"><\/path><\/svg>\t\t\t\t\t<\/div>\n\t\t\t\t\n\t\t\t\t\t\t\t\t\t<div class=\"swiper-pagination\"><\/div>\n\t\t\t\t\t\t\t\t\t<\/div>\n\t\t\t\t\t\t<\/div>\n\t\t\t\t<\/div>\n\t\t\t\t\t<\/div>\n\t\t\t\t<\/div>\n\t\t\t\t<\/div>\n\t\t","protected":false},"excerpt":{"rendered":"<p>Conmemoran 29 aniversario del Parque Kabah, \u00c1rea Natural Protegida de Quintana Roo: SEMA -En coordinaci\u00f3n con el Ayuntamiento de Benito Ju\u00e1rez y el IBANQROO Canc\u00fan.- Con el objetivo de proteger las \u00e1reas naturales de Quintana Roo, el Gobierno del Estado a trav\u00e9s de la Secretar\u00eda de Ecolog\u00eda y Medio Ambiente (SEMA), el Instituto de Biodiversidad &#8230; <a title=\"Conmemoran 29 aniversario del Parque Kabah, \u00c1rea Natural Protegida de Quintana Roo: SEMA\" class=\"read-more\" href=\"https:\/\/qroo.gob.mx\/sema\/conmemoran-29-aniversario-del-parque-kabah-area-natural-protegida-de-quintana-roo-sema\/\" aria-label=\"Leer m\u00e1s sobre Conmemoran 29 aniversario del Parque Kabah, \u00c1rea Natural Protegida de Quintana Roo: SEMA\">Leer m\u00e1s<\/a><\/p>\n","protected":false},"author":6,"featured_media":37404,"comment_status":"open","ping_status":"open","sticky":false,"template":"","format":"standard","meta":{"footnotes":""},"categories":[5],"tags":[],"class_list":["post-37403","post","type-post","status-publish","format-standard","has-post-thumbnail","hentry","category-noticias"],"_links":{"self":[{"href":"https:\/\/qroo.gob.mx\/sema\/wp-json\/wp\/v2\/posts\/37403"}],"collection":[{"href":"https:\/\/qroo.gob.mx\/sema\/wp-json\/wp\/v2\/posts"}],"about":[{"href":"https:\/\/qroo.gob.mx\/sema\/wp-json\/wp\/v2\/types\/post"}],"author":[{"embeddable":true,"href":"https:\/\/qroo.gob.mx\/sema\/wp-json\/wp\/v2\/users\/6"}],"replies":[{"embeddable":true,"href":"https:\/\/qroo.gob.mx\/sema\/wp-json\/wp\/v2\/comments?post=37403"}],"version-history":[{"count":0,"href":"https:\/\/qroo.gob.mx\/sema\/wp-json\/wp\/v2\/posts\/37403\/revisions"}],"wp:featuredmedia":[{"embeddable":true,"href":"https:\/\/qroo.gob.mx\/sema\/wp-json\/wp\/v2\/media\/37404"}],"wp:attachment":[{"href":"https:\/\/qroo.gob.mx\/sema\/wp-json\/wp\/v2\/media?parent=37403"}],"wp:term":[{"taxonomy":"category","embeddable":true,"href":"https:\/\/qroo.gob.mx\/sema\/wp-json\/wp\/v2\/categories?post=37403"},{"taxonomy":"post_tag","embeddable":true,"href":"https:\/\/qroo.gob.mx\/sema\/wp-json\/wp\/v2\/tags?post=37403"}],"curies":[{"name":"wp","href":"https:\/\/api.w.org\/{rel}","templated":true}]}}