{"id":37343,"date":"2024-10-30T16:42:53","date_gmt":"2024-10-30T21:42:53","guid":{"rendered":"https:\/\/qroo.gob.mx\/sema\/?p=37343"},"modified":"2024-10-30T16:51:59","modified_gmt":"2024-10-30T21:51:59","slug":"sema-y-ecosur-imparten-curso-taller-identificacion-de-arboles-tecnicas-practicas-y-efectivas","status":"publish","type":"post","link":"https:\/\/qroo.gob.mx\/sema\/sema-y-ecosur-imparten-curso-taller-identificacion-de-arboles-tecnicas-practicas-y-efectivas\/","title":{"rendered":"SEMA y ECOSUR imparten curso-taller \u201cIdentificaci\u00f3n de \u00e1rboles: T\u00e9cnicas pr\u00e1cticas y efectivas\u201d"},"content":{"rendered":"\t\t<div data-elementor-type=\"wp-post\" data-elementor-id=\"37343\" class=\"elementor elementor-37343\">\n\t\t\t\t<div class=\"elementor-element elementor-element-8726470 e-flex e-con-boxed e-con e-parent\" data-id=\"8726470\" data-element_type=\"container\" data-e-type=\"container\">\n\t\t\t\t\t<div class=\"e-con-inner\">\n\t\t\t\t<div class=\"elementor-element elementor-element-8b7dbbc elementor-widget elementor-widget-image\" data-id=\"8b7dbbc\" data-element_type=\"widget\" data-e-type=\"widget\" data-widget_type=\"image.default\">\n\t\t\t\t<div class=\"elementor-widget-container\">\n\t\t\t\t\t\t\t\t\t\t\t\t\t\t\t<img fetchpriority=\"high\" decoding=\"async\" width=\"768\" height=\"543\" src=\"https:\/\/qroo.gob.mx\/sema\/wp-content\/uploads\/2024\/10\/WhatsApp-Image-2024-10-29-at-14.15.36-768x543.jpeg\" class=\"attachment-medium_large size-medium_large wp-image-37344\" alt=\"\" srcset=\"https:\/\/qroo.gob.mx\/sema\/wp-content\/uploads\/2024\/10\/WhatsApp-Image-2024-10-29-at-14.15.36-768x543.jpeg 768w, https:\/\/qroo.gob.mx\/sema\/wp-content\/uploads\/2024\/10\/WhatsApp-Image-2024-10-29-at-14.15.36-300x212.jpeg 300w, https:\/\/qroo.gob.mx\/sema\/wp-content\/uploads\/2024\/10\/WhatsApp-Image-2024-10-29-at-14.15.36-1024x723.jpeg 1024w, https:\/\/qroo.gob.mx\/sema\/wp-content\/uploads\/2024\/10\/WhatsApp-Image-2024-10-29-at-14.15.36.jpeg 1039w\" sizes=\"(max-width: 768px) 100vw, 768px\" \/>\t\t\t\t\t\t\t\t\t\t\t\t\t\t\t<\/div>\n\t\t\t\t<\/div>\n\t\t\t\t\t<\/div>\n\t\t\t\t<\/div>\n\t\t<div class=\"elementor-element elementor-element-11dc824 e-flex e-con-boxed e-con e-parent\" data-id=\"11dc824\" data-element_type=\"container\" data-e-type=\"container\">\n\t\t\t\t\t<div class=\"e-con-inner\">\n\t\t\t\t<div class=\"elementor-element elementor-element-5fb7654 elementor-widget elementor-widget-heading\" data-id=\"5fb7654\" data-element_type=\"widget\" data-e-type=\"widget\" data-widget_type=\"heading.default\">\n\t\t\t\t<div class=\"elementor-widget-container\">\n\t\t\t\t\t<h2 class=\"elementor-heading-title elementor-size-default\"><h1>SEMA y ECOSUR imparten curso-taller \u201cIdentificaci\u00f3n de \u00e1rboles: T\u00e9cnicas pr\u00e1cticas y efectivas\u201d<span><\/span><\/h1><\/h2>\t\t\t\t<\/div>\n\t\t\t\t<\/div>\n\t\t\t\t\t<\/div>\n\t\t\t\t<\/div>\n\t\t<div class=\"elementor-element elementor-element-a04999d e-flex e-con-boxed e-con e-parent\" data-id=\"a04999d\" data-element_type=\"container\" data-e-type=\"container\">\n\t\t\t\t\t<div class=\"e-con-inner\">\n\t\t\t\t<div class=\"elementor-element elementor-element-0b29b1e elementor-widget elementor-widget-heading\" data-id=\"0b29b1e\" data-element_type=\"widget\" data-e-type=\"widget\" data-widget_type=\"heading.default\">\n\t\t\t\t<div class=\"elementor-widget-container\">\n\t\t\t\t\t<h2 class=\"elementor-heading-title elementor-size-default\"><p>-En el marco de la Semana de la Conservaci\u00f3n y del 30 aniversario de ECOSUR<\/p><p>Chetumal.- La Secretar\u00eda de Ecolog\u00eda y Medio Ambiente (SEMA) que encabeza \u00d3scar R\u00e9bora Aguilera, en colaboraci\u00f3n con el Colegio de la Frontera Sur (ECOSUR) Unidad Chetumal, impartieron el curso-taller \u201cIdentificaci\u00f3n de \u00e1rboles: T\u00e9cnicas pr\u00e1cticas y efectivas\u201d, dirigido a profesionales, estudiantes y entusiastas del estudio bot\u00e1nico y forestal, con el objetivo de proporcionar herramientas para la identificaci\u00f3n de \u00e1rboles a trav\u00e9s de sus caracter\u00edsticas fenot\u00edpicas y estructuras externas.<\/p><p>En el marco de la Semana de la Conservaci\u00f3n y del 30 aniversario de ECOSUR, en seguimiento al Nuevo Acuerdo por el Bienestar y Desarrollo de Quintana Roo, que promueve la gobernadora Mara Lezama Espinosa, se realizan diversas actividades que promueven el cuidado del medio ambiente y la conservaci\u00f3n de los recursos naturales.<\/p><p>Durante el taller, se abordaron temas fundamentales como: La bot\u00e1nica como ciencia para el estudio de los \u00e1rboles; diferenciaci\u00f3n entre \u00e1rboles y arbustos; formas y partes de las hojas; asimismo, se discuti\u00f3 la relevancia de la fotos\u00edntesis en las hojas y el rol de las ra\u00edces en la absorci\u00f3n de agua y minerales, elementos esenciales para la vida del \u00e1rbol.<\/p><p>Como parte del curso, los participantes realizaron una pr\u00e1ctica en las instalaciones de ECOSUR, explorando la biodiversidad del sotobosque y el dosel en \u00e1reas naturales cercanas. Esta experiencia permiti\u00f3 aplicar las t\u00e9cnicas aprendidas para identificar especies forestales en distintos contextos ecol\u00f3gicos.<\/p><p>Este curso ofreci\u00f3 a los asistentes una experiencia educativa integral, combinando teor\u00eda y pr\u00e1ctica para fortalecer el conocimiento sobre la identificaci\u00f3n de \u00e1rboles. La interacci\u00f3n entre especialistas y participantes fomenta la cooperaci\u00f3n en la gesti\u00f3n forestal y la conservaci\u00f3n de la biodiversidad en la regi\u00f3n.<\/p><p>El curso-taller cont\u00f3 con la participaci\u00f3n personal de las direcciones de Manejo y Productividad Forestal; Cambio Clim\u00e1tico y Protecci\u00f3n y Fomento Forestal de la SEMA.<\/p><span>Acciones como estas demuestran el compromiso del Gobierno del Estado y de las Instituciones acad\u00e9micas y de investigaci\u00f3n en la conservaci\u00f3n. S\u00f3lo conociendo nuestro capital natural, podremos valorarlo y conservarlo.<\/span><br><br><a>cgc.qroo.gob.mx<\/a><br><a>qroo.gob.mx<\/a><\/h2>\t\t\t\t<\/div>\n\t\t\t\t<\/div>\n\t\t\t\t\t<\/div>\n\t\t\t\t<\/div>\n\t\t<div class=\"elementor-element elementor-element-3aad412 e-flex e-con-boxed e-con e-parent\" data-id=\"3aad412\" data-element_type=\"container\" data-e-type=\"container\">\n\t\t\t\t\t<div class=\"e-con-inner\">\n\t\t\t\t<div class=\"elementor-element elementor-element-fdfa4f9 elementor-arrows-position-inside elementor-pagination-position-outside elementor-widget elementor-widget-image-carousel\" data-id=\"fdfa4f9\" data-element_type=\"widget\" data-e-type=\"widget\" data-settings=\"{&quot;navigation&quot;:&quot;both&quot;,&quot;autoplay&quot;:&quot;yes&quot;,&quot;pause_on_hover&quot;:&quot;yes&quot;,&quot;pause_on_interaction&quot;:&quot;yes&quot;,&quot;autoplay_speed&quot;:5000,&quot;infinite&quot;:&quot;yes&quot;,&quot;speed&quot;:500}\" data-widget_type=\"image-carousel.default\">\n\t\t\t\t<div class=\"elementor-widget-container\">\n\t\t\t\t\t\t\t<div class=\"elementor-image-carousel-wrapper swiper\" role=\"region\" aria-roledescription=\"carousel\" aria-label=\"Carrusel de Im\u00e1genes\" dir=\"ltr\">\n\t\t\t<div class=\"elementor-image-carousel swiper-wrapper\" aria-live=\"off\">\n\t\t\t\t\t\t\t\t<div class=\"swiper-slide\" role=\"group\" aria-roledescription=\"slide\" aria-label=\"1 de 4\"><figure class=\"swiper-slide-inner\"><img decoding=\"async\" class=\"swiper-slide-image\" src=\"https:\/\/qroo.gob.mx\/sema\/wp-content\/uploads\/2024\/10\/WhatsApp-Image-2024-10-29-at-14.15.36-1-768x475.jpeg\" alt=\"WhatsApp-Image-2024-10-29-at-14.15.36-1\" \/><\/figure><\/div><div class=\"swiper-slide\" role=\"group\" aria-roledescription=\"slide\" aria-label=\"2 de 4\"><figure class=\"swiper-slide-inner\"><img decoding=\"async\" class=\"swiper-slide-image\" src=\"https:\/\/qroo.gob.mx\/sema\/wp-content\/uploads\/2024\/10\/WhatsApp-Image-2024-10-29-at-14.15.37-768x519.jpeg\" alt=\"WhatsApp-Image-2024-10-29-at-14.15.37\" \/><\/figure><\/div><div class=\"swiper-slide\" role=\"group\" aria-roledescription=\"slide\" aria-label=\"3 de 4\"><figure class=\"swiper-slide-inner\"><img decoding=\"async\" class=\"swiper-slide-image\" src=\"https:\/\/qroo.gob.mx\/sema\/wp-content\/uploads\/2024\/10\/WhatsApp-Image-2024-10-29-at-14.15.42-768x576.jpeg\" alt=\"WhatsApp-Image-2024-10-29-at-14.15.42\" \/><\/figure><\/div><div class=\"swiper-slide\" role=\"group\" aria-roledescription=\"slide\" aria-label=\"4 de 4\"><figure class=\"swiper-slide-inner\"><img decoding=\"async\" class=\"swiper-slide-image\" src=\"https:\/\/qroo.gob.mx\/sema\/wp-content\/uploads\/2024\/10\/WhatsApp-Image-2024-10-29-at-14.15.37-1-768x385.jpeg\" alt=\"WhatsApp-Image-2024-10-29-at-14.15.37-1\" \/><\/figure><\/div>\t\t\t<\/div>\n\t\t\t\t\t\t\t\t\t\t\t\t<div class=\"elementor-swiper-button elementor-swiper-button-prev\" role=\"button\" tabindex=\"0\">\n\t\t\t\t\t\t<svg aria-hidden=\"true\" class=\"e-font-icon-svg e-eicon-chevron-left\" viewBox=\"0 0 1000 1000\" xmlns=\"http:\/\/www.w3.org\/2000\/svg\"><path d=\"M646 125C629 125 613 133 604 142L308 442C296 454 292 471 292 487 292 504 296 521 308 533L604 854C617 867 629 875 646 875 663 875 679 871 692 858 704 846 713 829 713 812 713 796 708 779 692 767L438 487 692 225C700 217 708 204 708 187 708 171 704 154 692 142 675 129 663 125 646 125Z\"><\/path><\/svg>\t\t\t\t\t<\/div>\n\t\t\t\t\t<div class=\"elementor-swiper-button elementor-swiper-button-next\" role=\"button\" tabindex=\"0\">\n\t\t\t\t\t\t<svg aria-hidden=\"true\" class=\"e-font-icon-svg e-eicon-chevron-right\" viewBox=\"0 0 1000 1000\" xmlns=\"http:\/\/www.w3.org\/2000\/svg\"><path d=\"M696 533C708 521 713 504 713 487 713 471 708 454 696 446L400 146C388 133 375 125 354 125 338 125 325 129 313 142 300 154 292 171 292 187 292 204 296 221 308 233L563 492 304 771C292 783 288 800 288 817 288 833 296 850 308 863 321 871 338 875 354 875 371 875 388 867 400 854L696 533Z\"><\/path><\/svg>\t\t\t\t\t<\/div>\n\t\t\t\t\n\t\t\t\t\t\t\t\t\t<div class=\"swiper-pagination\"><\/div>\n\t\t\t\t\t\t\t\t\t<\/div>\n\t\t\t\t\t\t<\/div>\n\t\t\t\t<\/div>\n\t\t\t\t\t<\/div>\n\t\t\t\t<\/div>\n\t\t\t\t<\/div>\n\t\t","protected":false},"excerpt":{"rendered":"<p>SEMA y ECOSUR imparten curso-taller \u201cIdentificaci\u00f3n de \u00e1rboles: T\u00e9cnicas pr\u00e1cticas y efectivas\u201d -En el marco de la Semana de la Conservaci\u00f3n y del 30 aniversario de ECOSUR Chetumal.- La Secretar\u00eda de Ecolog\u00eda y Medio Ambiente (SEMA) que encabeza \u00d3scar R\u00e9bora Aguilera, en colaboraci\u00f3n con el Colegio de la Frontera Sur (ECOSUR) Unidad Chetumal, impartieron el &#8230; <a title=\"SEMA y ECOSUR imparten curso-taller \u201cIdentificaci\u00f3n de \u00e1rboles: T\u00e9cnicas pr\u00e1cticas y efectivas\u201d\" class=\"read-more\" href=\"https:\/\/qroo.gob.mx\/sema\/sema-y-ecosur-imparten-curso-taller-identificacion-de-arboles-tecnicas-practicas-y-efectivas\/\" aria-label=\"Leer m\u00e1s sobre SEMA y ECOSUR imparten curso-taller \u201cIdentificaci\u00f3n de \u00e1rboles: T\u00e9cnicas pr\u00e1cticas y efectivas\u201d\">Leer m\u00e1s<\/a><\/p>\n","protected":false},"author":6,"featured_media":37349,"comment_status":"open","ping_status":"open","sticky":false,"template":"","format":"standard","meta":{"footnotes":""},"categories":[5],"tags":[],"class_list":["post-37343","post","type-post","status-publish","format-standard","has-post-thumbnail","hentry","category-noticias"],"_links":{"self":[{"href":"https:\/\/qroo.gob.mx\/sema\/wp-json\/wp\/v2\/posts\/37343"}],"collection":[{"href":"https:\/\/qroo.gob.mx\/sema\/wp-json\/wp\/v2\/posts"}],"about":[{"href":"https:\/\/qroo.gob.mx\/sema\/wp-json\/wp\/v2\/types\/post"}],"author":[{"embeddable":true,"href":"https:\/\/qroo.gob.mx\/sema\/wp-json\/wp\/v2\/users\/6"}],"replies":[{"embeddable":true,"href":"https:\/\/qroo.gob.mx\/sema\/wp-json\/wp\/v2\/comments?post=37343"}],"version-history":[{"count":0,"href":"https:\/\/qroo.gob.mx\/sema\/wp-json\/wp\/v2\/posts\/37343\/revisions"}],"wp:featuredmedia":[{"embeddable":true,"href":"https:\/\/qroo.gob.mx\/sema\/wp-json\/wp\/v2\/media\/37349"}],"wp:attachment":[{"href":"https:\/\/qroo.gob.mx\/sema\/wp-json\/wp\/v2\/media?parent=37343"}],"wp:term":[{"taxonomy":"category","embeddable":true,"href":"https:\/\/qroo.gob.mx\/sema\/wp-json\/wp\/v2\/categories?post=37343"},{"taxonomy":"post_tag","embeddable":true,"href":"https:\/\/qroo.gob.mx\/sema\/wp-json\/wp\/v2\/tags?post=37343"}],"curies":[{"name":"wp","href":"https:\/\/api.w.org\/{rel}","templated":true}]}}