{"id":35696,"date":"2024-03-06T13:03:39","date_gmt":"2024-03-06T18:03:39","guid":{"rendered":"https:\/\/qroo.gob.mx\/inicio\/?p=35696"},"modified":"2024-03-14T04:07:53","modified_gmt":"2024-03-14T09:07:53","slug":"firma-gobierno-de-quintana-roo-convenio-con-sedena-en-reconocimiento-a-sus-servicios","status":"publish","type":"post","link":"https:\/\/qroo.gob.mx\/sema\/firma-gobierno-de-quintana-roo-convenio-con-sedena-en-reconocimiento-a-sus-servicios\/","title":{"rendered":"Firma Gobierno de Quintana Roo convenio con SEDENA en reconocimiento a sus servicios"},"content":{"rendered":"<p style=\"text-align: justify;\">-Con la firma de este convenio suman 27 Estados que se han adherido para apoyar a las fuerzas federales<\/p>\n<p style=\"text-align: justify;\">Isla Mujeres.- En la 10\u00aa Brigada de la Polic\u00eda Militar y acompa\u00f1ada por autoridades locales y federales de fuerzas armadas la gobernadora Mara Lezama Espinosa firm\u00f3 un convenio de colaboraci\u00f3n con la Secretar\u00eda de la Defensa Nacional (SEDENA).<\/p>\n<p style=\"text-align: justify;\">El convenio apoya a las y los elementos de las fuerzas armadas que arriesgan su integridad y su vida mientras protegen a las y los quintanarroenses, as\u00ed como a visitantes, durante el desempe\u00f1o de actos de servicio en Quintana Roo.<\/p>\n<p style=\"text-align: justify;\">La gobernadora Mara Lezama explic\u00f3 que de esta manera se colabora entre \u00e1mbitos de gobierno, para la protecci\u00f3n y atenci\u00f3n de las fuerzas armadas que participan en operativos especiales cuando se ha requerido, y desplegando presencia f\u00edsica en Quintana Roo con personal debidamente entrenado para combatir la delincuencia.<\/p>\n<p style=\"text-align: justify;\">El General de Brigada Diplomado de Estado Mayor Gerardo Serna Melchor, Comandante de la 34\u00aa Zona Militar, agradeci\u00f3 este convenio y destac\u00f3 que con Quintana Roo ya son 27 las entidades que han firmado con la SEDENA y se han sumado.<\/p>\n<p style=\"text-align: justify;\">Suscribieron el Convenio, por la Secretar\u00eda de la Defensa Nacional, el General de Brigada DEM Gerardo Serna Melchor, Comandante de la 34\u00aa Zona Militar; por la Secretar\u00eda de Seguridad y Protecci\u00f3n Ciudadana, a trav\u00e9s de la Guardia Nacional el Comisario No\u00e9 Castillo P\u00e9rez, Coordinador Estatal de la Guardia Nacional en Quintana Roo; por el Gobierno de Quintana Roo, Mara Lezama Espinosa, Gobernadora del Estado; la Secretaria de Gobierno, Cristina Torres G\u00f3mez; y el Secretario de Seguridad Ciudadana, Julio C\u00e9sar G\u00f3mez Torres.<\/p>\n\n\n<figure class=\"wp-block-gallery has-nested-images columns-default is-cropped wp-block-gallery-1 is-layout-flex wp-block-gallery-is-layout-flex\">\n<figure class=\"wp-block-image size-large\"><img fetchpriority=\"high\" decoding=\"async\" width=\"1024\" height=\"683\" data-id=\"35830\" src=\"https:\/\/qroo.gob.mx\/sema\/wp-content\/uploads\/2024\/03\/87c62a2c-cdc7-4323-b6ef-0c68a2bcb791-1024x683.jpeg\" alt=\"\" class=\"wp-image-35830\" srcset=\"https:\/\/qroo.gob.mx\/sema\/wp-content\/uploads\/2024\/03\/87c62a2c-cdc7-4323-b6ef-0c68a2bcb791-1024x683.jpeg 1024w, https:\/\/qroo.gob.mx\/sema\/wp-content\/uploads\/2024\/03\/87c62a2c-cdc7-4323-b6ef-0c68a2bcb791-300x200.jpeg 300w, https:\/\/qroo.gob.mx\/sema\/wp-content\/uploads\/2024\/03\/87c62a2c-cdc7-4323-b6ef-0c68a2bcb791-768x512.jpeg 768w, https:\/\/qroo.gob.mx\/sema\/wp-content\/uploads\/2024\/03\/87c62a2c-cdc7-4323-b6ef-0c68a2bcb791.jpeg 1280w\" sizes=\"(max-width: 1024px) 100vw, 1024px\" \/><\/figure>\n\n\n\n<figure class=\"wp-block-image size-large\"><img decoding=\"async\" width=\"1024\" height=\"589\" data-id=\"35829\" src=\"https:\/\/qroo.gob.mx\/sema\/wp-content\/uploads\/2024\/03\/87f73914-f1bb-45f9-bf9e-6de541694a68-1024x589.jpeg\" alt=\"\" class=\"wp-image-35829\" srcset=\"https:\/\/qroo.gob.mx\/sema\/wp-content\/uploads\/2024\/03\/87f73914-f1bb-45f9-bf9e-6de541694a68-1024x589.jpeg 1024w, https:\/\/qroo.gob.mx\/sema\/wp-content\/uploads\/2024\/03\/87f73914-f1bb-45f9-bf9e-6de541694a68-300x173.jpeg 300w, https:\/\/qroo.gob.mx\/sema\/wp-content\/uploads\/2024\/03\/87f73914-f1bb-45f9-bf9e-6de541694a68-768x442.jpeg 768w, https:\/\/qroo.gob.mx\/sema\/wp-content\/uploads\/2024\/03\/87f73914-f1bb-45f9-bf9e-6de541694a68.jpeg 1280w\" sizes=\"(max-width: 1024px) 100vw, 1024px\" \/><\/figure>\n\n\n\n<figure class=\"wp-block-image size-large\"><img decoding=\"async\" width=\"1024\" height=\"683\" data-id=\"35831\" src=\"https:\/\/qroo.gob.mx\/sema\/wp-content\/uploads\/2024\/03\/99e5b476-cfe8-407d-873d-3b5bd237b6a2-1024x683.jpeg\" alt=\"\" class=\"wp-image-35831\" srcset=\"https:\/\/qroo.gob.mx\/sema\/wp-content\/uploads\/2024\/03\/99e5b476-cfe8-407d-873d-3b5bd237b6a2-1024x683.jpeg 1024w, https:\/\/qroo.gob.mx\/sema\/wp-content\/uploads\/2024\/03\/99e5b476-cfe8-407d-873d-3b5bd237b6a2-300x200.jpeg 300w, https:\/\/qroo.gob.mx\/sema\/wp-content\/uploads\/2024\/03\/99e5b476-cfe8-407d-873d-3b5bd237b6a2-768x512.jpeg 768w, https:\/\/qroo.gob.mx\/sema\/wp-content\/uploads\/2024\/03\/99e5b476-cfe8-407d-873d-3b5bd237b6a2.jpeg 1280w\" sizes=\"(max-width: 1024px) 100vw, 1024px\" \/><\/figure>\n<\/figure>\n","protected":false},"excerpt":{"rendered":"<p>-Con la firma de este convenio suman 27 Estados que se han adherido para apoyar a las fuerzas federales Isla Mujeres.- En la 10\u00aa Brigada de la Polic\u00eda Militar y acompa\u00f1ada por autoridades locales y federales de fuerzas armadas la gobernadora Mara Lezama Espinosa firm\u00f3 un convenio de colaboraci\u00f3n con la Secretar\u00eda de la Defensa &#8230; <a title=\"Firma Gobierno de Quintana Roo convenio con SEDENA en reconocimiento a sus servicios\" class=\"read-more\" href=\"https:\/\/qroo.gob.mx\/sema\/firma-gobierno-de-quintana-roo-convenio-con-sedena-en-reconocimiento-a-sus-servicios\/\" aria-label=\"Leer m\u00e1s sobre Firma Gobierno de Quintana Roo convenio con SEDENA en reconocimiento a sus servicios\">Leer m\u00e1s<\/a><\/p>\n","protected":false},"author":1,"featured_media":35832,"comment_status":"closed","ping_status":"open","sticky":false,"template":"","format":"standard","meta":{"footnotes":""},"categories":[5],"tags":[],"class_list":["post-35696","post","type-post","status-publish","format-standard","has-post-thumbnail","hentry","category-noticias"],"_links":{"self":[{"href":"https:\/\/qroo.gob.mx\/sema\/wp-json\/wp\/v2\/posts\/35696"}],"collection":[{"href":"https:\/\/qroo.gob.mx\/sema\/wp-json\/wp\/v2\/posts"}],"about":[{"href":"https:\/\/qroo.gob.mx\/sema\/wp-json\/wp\/v2\/types\/post"}],"author":[{"embeddable":true,"href":"https:\/\/qroo.gob.mx\/sema\/wp-json\/wp\/v2\/users\/1"}],"replies":[{"embeddable":true,"href":"https:\/\/qroo.gob.mx\/sema\/wp-json\/wp\/v2\/comments?post=35696"}],"version-history":[{"count":0,"href":"https:\/\/qroo.gob.mx\/sema\/wp-json\/wp\/v2\/posts\/35696\/revisions"}],"wp:featuredmedia":[{"embeddable":true,"href":"https:\/\/qroo.gob.mx\/sema\/wp-json\/wp\/v2\/media\/35832"}],"wp:attachment":[{"href":"https:\/\/qroo.gob.mx\/sema\/wp-json\/wp\/v2\/media?parent=35696"}],"wp:term":[{"taxonomy":"category","embeddable":true,"href":"https:\/\/qroo.gob.mx\/sema\/wp-json\/wp\/v2\/categories?post=35696"},{"taxonomy":"post_tag","embeddable":true,"href":"https:\/\/qroo.gob.mx\/sema\/wp-json\/wp\/v2\/tags?post=35696"}],"curies":[{"name":"wp","href":"https:\/\/api.w.org\/{rel}","templated":true}]}}