{"id":35680,"date":"2024-03-04T15:15:58","date_gmt":"2024-03-04T20:15:58","guid":{"rendered":"https:\/\/qroo.gob.mx\/inicio\/?p=35680"},"modified":"2024-03-14T04:07:59","modified_gmt":"2024-03-14T09:07:59","slug":"gobierno-estatal-da-seguimiento-a-proyectos-de-movilidad-con-la-sict","status":"publish","type":"post","link":"https:\/\/qroo.gob.mx\/sema\/gobierno-estatal-da-seguimiento-a-proyectos-de-movilidad-con-la-sict\/","title":{"rendered":"Gobierno estatal da seguimiento a proyectos de movilidad con la SICT"},"content":{"rendered":"<p style=\"text-align: justify;\">Ciudad de M\u00e9xico.- El gobierno estatal da seguimiento a los proyectos de movilidad que la Secretar\u00eda de Infraestructura, Comunicaciones y Transportes (SICT) realiza en la entidad.<\/p>\n<p style=\"text-align: justify;\">Como parte de una agenda en la Ciudad de M\u00e9xico, la gobernadora Mara Lezama Espinosa y el secretario de Desarrollo Territorial Urbano Sustentable (SEDETUS) Armando Lara De Nigris, se reunieron con el titular de la SICT Jorge Nu\u00f1o Lara, con quien revisaron diversos temas y tambi\u00e9n requerimientos que han emanado de las reuniones de seguridad del Aeropuerto Internacional de Canc\u00fan.<\/p>\n<p style=\"text-align: justify;\">Autoridades revisaron los proyectos y tomaron diversos acuerdos respecto al trabajo coordinado.<\/p>\n\n\n<figure class=\"wp-block-gallery has-nested-images columns-default is-cropped wp-block-gallery-1 is-layout-flex wp-block-gallery-is-layout-flex\">\n<figure class=\"wp-block-image size-large\"><img fetchpriority=\"high\" decoding=\"async\" width=\"831\" height=\"1024\" data-id=\"35841\" src=\"https:\/\/qroo.gob.mx\/sema\/wp-content\/uploads\/2024\/03\/WhatsApp-Image-2024-03-04-at-15.11.09-831x1024.jpeg\" alt=\"\" class=\"wp-image-35841\" srcset=\"https:\/\/qroo.gob.mx\/sema\/wp-content\/uploads\/2024\/03\/WhatsApp-Image-2024-03-04-at-15.11.09-831x1024.jpeg 831w, https:\/\/qroo.gob.mx\/sema\/wp-content\/uploads\/2024\/03\/WhatsApp-Image-2024-03-04-at-15.11.09-243x300.jpeg 243w, https:\/\/qroo.gob.mx\/sema\/wp-content\/uploads\/2024\/03\/WhatsApp-Image-2024-03-04-at-15.11.09-768x947.jpeg 768w, https:\/\/qroo.gob.mx\/sema\/wp-content\/uploads\/2024\/03\/WhatsApp-Image-2024-03-04-at-15.11.09-1246x1536.jpeg 1246w, https:\/\/qroo.gob.mx\/sema\/wp-content\/uploads\/2024\/03\/WhatsApp-Image-2024-03-04-at-15.11.09.jpeg 1298w\" sizes=\"(max-width: 831px) 100vw, 831px\" \/><\/figure>\n\n\n\n<figure class=\"wp-block-image size-large\"><img decoding=\"async\" width=\"1024\" height=\"682\" data-id=\"35842\" src=\"https:\/\/qroo.gob.mx\/sema\/wp-content\/uploads\/2024\/03\/WhatsApp-Image-2024-03-04-at-15.11.09-2-1024x682.jpeg\" alt=\"\" class=\"wp-image-35842\" srcset=\"https:\/\/qroo.gob.mx\/sema\/wp-content\/uploads\/2024\/03\/WhatsApp-Image-2024-03-04-at-15.11.09-2-1024x682.jpeg 1024w, https:\/\/qroo.gob.mx\/sema\/wp-content\/uploads\/2024\/03\/WhatsApp-Image-2024-03-04-at-15.11.09-2-300x200.jpeg 300w, https:\/\/qroo.gob.mx\/sema\/wp-content\/uploads\/2024\/03\/WhatsApp-Image-2024-03-04-at-15.11.09-2-768x512.jpeg 768w, https:\/\/qroo.gob.mx\/sema\/wp-content\/uploads\/2024\/03\/WhatsApp-Image-2024-03-04-at-15.11.09-2-1536x1023.jpeg 1536w, https:\/\/qroo.gob.mx\/sema\/wp-content\/uploads\/2024\/03\/WhatsApp-Image-2024-03-04-at-15.11.09-2.jpeg 1600w\" sizes=\"(max-width: 1024px) 100vw, 1024px\" \/><\/figure>\n<\/figure>\n","protected":false},"excerpt":{"rendered":"<p>Ciudad de M\u00e9xico.- El gobierno estatal da seguimiento a los proyectos de movilidad que la Secretar\u00eda de Infraestructura, Comunicaciones y Transportes (SICT) realiza en la entidad. Como parte de una agenda en la Ciudad de M\u00e9xico, la gobernadora Mara Lezama Espinosa y el secretario de Desarrollo Territorial Urbano Sustentable (SEDETUS) Armando Lara De Nigris, se &#8230; <a title=\"Gobierno estatal da seguimiento a proyectos de movilidad con la SICT\" class=\"read-more\" href=\"https:\/\/qroo.gob.mx\/sema\/gobierno-estatal-da-seguimiento-a-proyectos-de-movilidad-con-la-sict\/\" aria-label=\"Leer m\u00e1s sobre Gobierno estatal da seguimiento a proyectos de movilidad con la SICT\">Leer m\u00e1s<\/a><\/p>\n","protected":false},"author":1,"featured_media":35842,"comment_status":"closed","ping_status":"open","sticky":false,"template":"","format":"standard","meta":{"footnotes":""},"categories":[5],"tags":[],"class_list":["post-35680","post","type-post","status-publish","format-standard","has-post-thumbnail","hentry","category-noticias"],"_links":{"self":[{"href":"https:\/\/qroo.gob.mx\/sema\/wp-json\/wp\/v2\/posts\/35680"}],"collection":[{"href":"https:\/\/qroo.gob.mx\/sema\/wp-json\/wp\/v2\/posts"}],"about":[{"href":"https:\/\/qroo.gob.mx\/sema\/wp-json\/wp\/v2\/types\/post"}],"author":[{"embeddable":true,"href":"https:\/\/qroo.gob.mx\/sema\/wp-json\/wp\/v2\/users\/1"}],"replies":[{"embeddable":true,"href":"https:\/\/qroo.gob.mx\/sema\/wp-json\/wp\/v2\/comments?post=35680"}],"version-history":[{"count":0,"href":"https:\/\/qroo.gob.mx\/sema\/wp-json\/wp\/v2\/posts\/35680\/revisions"}],"wp:featuredmedia":[{"embeddable":true,"href":"https:\/\/qroo.gob.mx\/sema\/wp-json\/wp\/v2\/media\/35842"}],"wp:attachment":[{"href":"https:\/\/qroo.gob.mx\/sema\/wp-json\/wp\/v2\/media?parent=35680"}],"wp:term":[{"taxonomy":"category","embeddable":true,"href":"https:\/\/qroo.gob.mx\/sema\/wp-json\/wp\/v2\/categories?post=35680"},{"taxonomy":"post_tag","embeddable":true,"href":"https:\/\/qroo.gob.mx\/sema\/wp-json\/wp\/v2\/tags?post=35680"}],"curies":[{"name":"wp","href":"https:\/\/api.w.org\/{rel}","templated":true}]}}